[{"@context":"https:\/\/schema.org\/","@type":"Blog","@id":"https:\/\/www.virklis.cz#Blog","headline":"Virklis","description":"\nNejedna internetov\u00e1 str\u00e1nka je jako pasti\u010dka na my\u0161i s kouskem \u0161peku. Sko\u010d\u00edte j\u00ed na \u0161pek a doplat\u00edte na to. Ale u n\u00e1s nikdy nikomu na \u0161pek nesko\u010d\u00edte.","url":"https:\/\/www.virklis.cz","hasPart":[{"@type":"Article","@id":"https:\/\/www.virklis.cz\/cekat-proste-nemusite\/","headline":"\u010cekat prost\u011b nemus\u00edte","url":"https:\/\/www.virklis.cz\/cekat-proste-nemusite\/","datePublished":"2026-06-17","dateModified":"2023-05-03","mainEntityOfPage":"https:\/\/www.virklis.cz\/cekat-proste-nemusite\/","author":{"@type":"Person","@id":"https:\/\/www.virklis.cz\/author\/#Person","name":"","url":"https:\/\/www.virklis.cz\/author\/","identifier":1,"image":{"@type":"ImageObject","@id":"https:\/\/secure.gravatar.com\/avatar\/9d25b0af9840660883a67790aa4f595ddc226aa4680c4cf7bc03a25c14fcef85?s=96&d=mm&r=g","url":"https:\/\/secure.gravatar.com\/avatar\/9d25b0af9840660883a67790aa4f595ddc226aa4680c4cf7bc03a25c14fcef85?s=96&d=mm&r=g","height":96,"width":96}},"publisher":{"@type":"Organization","name":"virklis.cz","logo":{"@type":"ImageObject","@id":"\/logo.png","url":"\/logo.png","width":600,"height":60}},"image":{"@type":"ImageObject","@id":"https:\/\/www.virklis.cz\/wp-content\/uploads\/art282619_16x9_20260623_162134_BPOif0.jpg","url":"https:\/\/www.virklis.cz\/wp-content\/uploads\/art282619_16x9_20260623_162134_BPOif0.jpg","height":0,"width":0},"wordCount":525,"keywords":null},{"@type":"Article","@id":"https:\/\/www.virklis.cz\/jak-se-hybat-v-zime-inspirujte-se-a-vybirejte\/","headline":"Jak se h\u00fdbat v zim\u011b? Inspirujte se a vyb\u00edrejte","url":"https:\/\/www.virklis.cz\/jak-se-hybat-v-zime-inspirujte-se-a-vybirejte\/","datePublished":"2026-06-09","dateModified":"2026-06-09","mainEntityOfPage":"https:\/\/www.virklis.cz\/jak-se-hybat-v-zime-inspirujte-se-a-vybirejte\/","author":{"@type":"Person","@id":"https:\/\/www.virklis.cz\/author\/#Person","name":"","url":"https:\/\/www.virklis.cz\/author\/","identifier":1,"image":{"@type":"ImageObject","@id":"https:\/\/secure.gravatar.com\/avatar\/9d25b0af9840660883a67790aa4f595ddc226aa4680c4cf7bc03a25c14fcef85?s=96&d=mm&r=g","url":"https:\/\/secure.gravatar.com\/avatar\/9d25b0af9840660883a67790aa4f595ddc226aa4680c4cf7bc03a25c14fcef85?s=96&d=mm&r=g","height":96,"width":96}},"publisher":{"@type":"Organization","name":"virklis.cz","logo":{"@type":"ImageObject","@id":"\/logo.png","url":"\/logo.png","width":600,"height":60}},"image":{"@type":"ImageObject","@id":"https:\/\/www.virklis.cz\/wp-content\/uploads\/img_a308535_w2303_t1519625970.jpg","url":"https:\/\/www.virklis.cz\/wp-content\/uploads\/img_a308535_w2303_t1519625970.jpg","height":0,"width":0},"wordCount":819,"keywords":null},{"@type":"Article","@id":"https:\/\/www.virklis.cz\/jak-vybrat-svrchni-obleceni-na-zimu-ktere-vydrzi-roky-medicine-radi\/","headline":"Jak vybrat svrchn\u00ed oble\u010den\u00ed na zimu, kter\u00e9 vydr\u017e\u00ed roky? MEDICINE rad\u00ed","url":"https:\/\/www.virklis.cz\/jak-vybrat-svrchni-obleceni-na-zimu-ktere-vydrzi-roky-medicine-radi\/","datePublished":"2026-02-09","dateModified":"2026-02-09","mainEntityOfPage":"https:\/\/www.virklis.cz\/jak-vybrat-svrchni-obleceni-na-zimu-ktere-vydrzi-roky-medicine-radi\/","author":{"@type":"Person","@id":"https:\/\/www.virklis.cz\/author\/#Person","name":"","url":"https:\/\/www.virklis.cz\/author\/","identifier":1,"image":{"@type":"ImageObject","@id":"https:\/\/secure.gravatar.com\/avatar\/9d25b0af9840660883a67790aa4f595ddc226aa4680c4cf7bc03a25c14fcef85?s=96&d=mm&r=g","url":"https:\/\/secure.gravatar.com\/avatar\/9d25b0af9840660883a67790aa4f595ddc226aa4680c4cf7bc03a25c14fcef85?s=96&d=mm&r=g","height":96,"width":96}},"publisher":{"@type":"Organization","name":"virklis.cz","logo":{"@type":"ImageObject","@id":"\/logo.png","url":"\/logo.png","width":600,"height":60}},"image":{"@type":"ImageObject","@id":"https:\/\/www.virklis.cz\/wp-content\/uploads\/damska_bunda_CoQXKw.png","url":"https:\/\/www.virklis.cz\/wp-content\/uploads\/damska_bunda_CoQXKw.png","height":0,"width":0},"wordCount":976,"keywords":null},{"@type":"Article","@id":"https:\/\/www.virklis.cz\/moderni-doba-je-preproduktovana\/","headline":"Modern\u00ed doba je p\u0159eproduktovan\u00e1","url":"https:\/\/www.virklis.cz\/moderni-doba-je-preproduktovana\/","datePublished":"2025-10-03","dateModified":"2025-10-03","mainEntityOfPage":"https:\/\/www.virklis.cz\/moderni-doba-je-preproduktovana\/","author":{"@type":"Person","@id":"https:\/\/www.virklis.cz\/author\/#Person","name":"","url":"https:\/\/www.virklis.cz\/author\/","identifier":1,"image":{"@type":"ImageObject","@id":"https:\/\/secure.gravatar.com\/avatar\/9d25b0af9840660883a67790aa4f595ddc226aa4680c4cf7bc03a25c14fcef85?s=96&d=mm&r=g","url":"https:\/\/secure.gravatar.com\/avatar\/9d25b0af9840660883a67790aa4f595ddc226aa4680c4cf7bc03a25c14fcef85?s=96&d=mm&r=g","height":96,"width":96}},"publisher":{"@type":"Organization","name":"virklis.cz","logo":{"@type":"ImageObject","@id":"\/logo.png","url":"\/logo.png","width":600,"height":60}},"image":null,"wordCount":563,"keywords":null},{"@type":"Article","@id":"https:\/\/www.virklis.cz\/teplo-domova\/","headline":"Teplo domova","url":"https:\/\/www.virklis.cz\/teplo-domova\/","datePublished":"2025-08-30","dateModified":"2025-08-30","mainEntityOfPage":"https:\/\/www.virklis.cz\/teplo-domova\/","author":{"@type":"Person","@id":"https:\/\/www.virklis.cz\/author\/#Person","name":"","url":"https:\/\/www.virklis.cz\/author\/","identifier":1,"image":{"@type":"ImageObject","@id":"https:\/\/secure.gravatar.com\/avatar\/9d25b0af9840660883a67790aa4f595ddc226aa4680c4cf7bc03a25c14fcef85?s=96&d=mm&r=g","url":"https:\/\/secure.gravatar.com\/avatar\/9d25b0af9840660883a67790aa4f595ddc226aa4680c4cf7bc03a25c14fcef85?s=96&d=mm&r=g","height":96,"width":96}},"publisher":{"@type":"Organization","name":"virklis.cz","logo":{"@type":"ImageObject","@id":"\/logo.png","url":"\/logo.png","width":600,"height":60}},"image":null,"wordCount":208,"keywords":null},{"@type":"Article","@id":"https:\/\/www.virklis.cz\/misto-vhodne-k-relaxaci\/","headline":"M\u00edsto vhodn\u00e9 k relaxaci","url":"https:\/\/www.virklis.cz\/misto-vhodne-k-relaxaci\/","datePublished":"2025-08-25","dateModified":"2025-08-25","mainEntityOfPage":"https:\/\/www.virklis.cz\/misto-vhodne-k-relaxaci\/","author":{"@type":"Person","@id":"https:\/\/www.virklis.cz\/author\/#Person","name":"","url":"https:\/\/www.virklis.cz\/author\/","identifier":1,"image":{"@type":"ImageObject","@id":"https:\/\/secure.gravatar.com\/avatar\/9d25b0af9840660883a67790aa4f595ddc226aa4680c4cf7bc03a25c14fcef85?s=96&d=mm&r=g","url":"https:\/\/secure.gravatar.com\/avatar\/9d25b0af9840660883a67790aa4f595ddc226aa4680c4cf7bc03a25c14fcef85?s=96&d=mm&r=g","height":96,"width":96}},"publisher":{"@type":"Organization","name":"virklis.cz","logo":{"@type":"ImageObject","@id":"\/logo.png","url":"\/logo.png","width":600,"height":60}},"image":null,"wordCount":254,"keywords":null},{"@type":"Article","@id":"https:\/\/www.virklis.cz\/napravte-svuj-omyl\/","headline":"Napravte sv\u016fj omyl","url":"https:\/\/www.virklis.cz\/napravte-svuj-omyl\/","datePublished":"2025-08-18","dateModified":"2025-08-18","mainEntityOfPage":"https:\/\/www.virklis.cz\/napravte-svuj-omyl\/","author":{"@type":"Person","@id":"https:\/\/www.virklis.cz\/author\/#Person","name":"","url":"https:\/\/www.virklis.cz\/author\/","identifier":1,"image":{"@type":"ImageObject","@id":"https:\/\/secure.gravatar.com\/avatar\/9d25b0af9840660883a67790aa4f595ddc226aa4680c4cf7bc03a25c14fcef85?s=96&d=mm&r=g","url":"https:\/\/secure.gravatar.com\/avatar\/9d25b0af9840660883a67790aa4f595ddc226aa4680c4cf7bc03a25c14fcef85?s=96&d=mm&r=g","height":96,"width":96}},"publisher":{"@type":"Organization","name":"virklis.cz","logo":{"@type":"ImageObject","@id":"\/logo.png","url":"\/logo.png","width":600,"height":60}},"image":null,"wordCount":211,"keywords":null},{"@type":"Article","@id":"https:\/\/www.virklis.cz\/bez-starosti-o-vase-penize\/","headline":"Bez starost\u00ed o Va\u0161e pen\u00edze","url":"https:\/\/www.virklis.cz\/bez-starosti-o-vase-penize\/","datePublished":"2025-08-09","dateModified":"2025-08-09","mainEntityOfPage":"https:\/\/www.virklis.cz\/bez-starosti-o-vase-penize\/","author":{"@type":"Person","@id":"https:\/\/www.virklis.cz\/author\/#Person","name":"","url":"https:\/\/www.virklis.cz\/author\/","identifier":1,"image":{"@type":"ImageObject","@id":"https:\/\/secure.gravatar.com\/avatar\/9d25b0af9840660883a67790aa4f595ddc226aa4680c4cf7bc03a25c14fcef85?s=96&d=mm&r=g","url":"https:\/\/secure.gravatar.com\/avatar\/9d25b0af9840660883a67790aa4f595ddc226aa4680c4cf7bc03a25c14fcef85?s=96&d=mm&r=g","height":96,"width":96}},"publisher":{"@type":"Organization","name":"virklis.cz","logo":{"@type":"ImageObject","@id":"\/logo.png","url":"\/logo.png","width":600,"height":60}},"image":null,"wordCount":206,"keywords":null},{"@type":"Article","@id":"https:\/\/www.virklis.cz\/jak-to-s-vami-je\/","headline":"Jak to s v\u00e1mi je?","url":"https:\/\/www.virklis.cz\/jak-to-s-vami-je\/","datePublished":"2025-08-04","dateModified":"2025-08-04","mainEntityOfPage":"https:\/\/www.virklis.cz\/jak-to-s-vami-je\/","author":{"@type":"Person","@id":"https:\/\/www.virklis.cz\/author\/#Person","name":"","url":"https:\/\/www.virklis.cz\/author\/","identifier":1,"image":{"@type":"ImageObject","@id":"https:\/\/secure.gravatar.com\/avatar\/9d25b0af9840660883a67790aa4f595ddc226aa4680c4cf7bc03a25c14fcef85?s=96&d=mm&r=g","url":"https:\/\/secure.gravatar.com\/avatar\/9d25b0af9840660883a67790aa4f595ddc226aa4680c4cf7bc03a25c14fcef85?s=96&d=mm&r=g","height":96,"width":96}},"publisher":{"@type":"Organization","name":"virklis.cz","logo":{"@type":"ImageObject","@id":"\/logo.png","url":"\/logo.png","width":600,"height":60}},"image":null,"wordCount":240,"keywords":null},{"@type":"Article","@id":"https:\/\/www.virklis.cz\/kvalitni-a-velice-prakticka-sedacka\/","headline":"Kvalitn\u00ed a velice praktick\u00e1 seda\u010dka","url":"https:\/\/www.virklis.cz\/kvalitni-a-velice-prakticka-sedacka\/","datePublished":"2025-07-28","dateModified":"2025-07-28","mainEntityOfPage":"https:\/\/www.virklis.cz\/kvalitni-a-velice-prakticka-sedacka\/","author":{"@type":"Person","@id":"https:\/\/www.virklis.cz\/author\/#Person","name":"","url":"https:\/\/www.virklis.cz\/author\/","identifier":1,"image":{"@type":"ImageObject","@id":"https:\/\/secure.gravatar.com\/avatar\/9d25b0af9840660883a67790aa4f595ddc226aa4680c4cf7bc03a25c14fcef85?s=96&d=mm&r=g","url":"https:\/\/secure.gravatar.com\/avatar\/9d25b0af9840660883a67790aa4f595ddc226aa4680c4cf7bc03a25c14fcef85?s=96&d=mm&r=g","height":96,"width":96}},"publisher":{"@type":"Organization","name":"virklis.cz","logo":{"@type":"ImageObject","@id":"\/logo.png","url":"\/logo.png","width":600,"height":60}},"image":null,"wordCount":198,"keywords":null}]},{"@context":"https:\/\/schema.org","@type":"WebSite","@id":"https:\/\/www.virklis.cz\/#website","name":"Virklis","url":"https:\/\/www.virklis.cz","potentialAction":{"@type":"SearchAction","target":"https:\/\/www.virklis.cz\/?s={search_term_string}","query-input":"required name=search_term_string"}}]