{"@context":"https:\/\/schema.org\/","@type":"CollectionPage","@id":"https:\/\/www.virklis.cz\/cestovani\/#CollectionPage","headline":"Cestov\u00e1n\u00ed Category","description":"","url":"https:\/\/www.virklis.cz\/cestovani\/","hasPart":[{"@type":"Article","@id":"https:\/\/www.virklis.cz\/nejvyssi-body-ceskych-hor-nakouknete-pan-bohu-do-oken\/","headline":"Nejvy\u0161\u0161\u00ed body \u010desk\u00fdch hor \u2013 nakoukn\u011bte p\u00e1n Bohu do oken","url":"https:\/\/www.virklis.cz\/nejvyssi-body-ceskych-hor-nakouknete-pan-bohu-do-oken\/","datePublished":"2025-02-27","dateModified":"2023-05-03","mainEntityOfPage":"https:\/\/www.virklis.cz\/nejvyssi-body-ceskych-hor-nakouknete-pan-bohu-do-oken\/","author":{"@type":"Person","@id":"https:\/\/www.virklis.cz\/author\/#Person","name":"","url":"https:\/\/www.virklis.cz\/author\/","identifier":1,"image":{"@type":"ImageObject","@id":"https:\/\/secure.gravatar.com\/avatar\/9d25b0af9840660883a67790aa4f595ddc226aa4680c4cf7bc03a25c14fcef85?s=96&d=mm&r=g","url":"https:\/\/secure.gravatar.com\/avatar\/9d25b0af9840660883a67790aa4f595ddc226aa4680c4cf7bc03a25c14fcef85?s=96&d=mm&r=g","height":96,"width":96}},"publisher":{"@type":"Organization","name":"virklis.cz","logo":{"@type":"ImageObject","@id":"\/logo.png","url":"\/logo.png","width":600,"height":60}},"image":{"@type":"ImageObject","@id":"https:\/\/www.virklis.cz\/wp-content\/uploads\/img_a342018_w2602_t1554918104.jpg","url":"https:\/\/www.virklis.cz\/wp-content\/uploads\/img_a342018_w2602_t1554918104.jpg","height":0,"width":0},"keywords":null},{"@type":"Article","@id":"https:\/\/www.virklis.cz\/sarmantni-skotsko\/","headline":"\u0160armantn\u00ed Skotsko","url":"https:\/\/www.virklis.cz\/sarmantni-skotsko\/","datePublished":"2025-02-24","dateModified":"2023-05-03","mainEntityOfPage":"https:\/\/www.virklis.cz\/sarmantni-skotsko\/","author":{"@type":"Person","@id":"https:\/\/www.virklis.cz\/author\/#Person","name":"","url":"https:\/\/www.virklis.cz\/author\/","identifier":1,"image":{"@type":"ImageObject","@id":"https:\/\/secure.gravatar.com\/avatar\/9d25b0af9840660883a67790aa4f595ddc226aa4680c4cf7bc03a25c14fcef85?s=96&d=mm&r=g","url":"https:\/\/secure.gravatar.com\/avatar\/9d25b0af9840660883a67790aa4f595ddc226aa4680c4cf7bc03a25c14fcef85?s=96&d=mm&r=g","height":96,"width":96}},"publisher":{"@type":"Organization","name":"virklis.cz","logo":{"@type":"ImageObject","@id":"\/logo.png","url":"\/logo.png","width":600,"height":60}},"image":{"@type":"ImageObject","@id":"https:\/\/www.virklis.cz\/wp-content\/uploads\/img_a327276_w2602_t1539524815.jpg","url":"https:\/\/www.virklis.cz\/wp-content\/uploads\/img_a327276_w2602_t1539524815.jpg","height":0,"width":0},"keywords":null},{"@type":"Article","@id":"https:\/\/www.virklis.cz\/pruvodce-last-minute-all-inclusive-dovolenymi-spontanni-uniky-plne-luxusu-a-pohody\/","headline":"Pr\u016fvodce Last Minute All Inclusive Dovolen\u00fdmi: Spont\u00e1nn\u00ed \u00daniky pln\u00e9 Luxusu a Pohody","url":"https:\/\/www.virklis.cz\/pruvodce-last-minute-all-inclusive-dovolenymi-spontanni-uniky-plne-luxusu-a-pohody\/","datePublished":"2023-11-10","dateModified":"2023-11-20","mainEntityOfPage":"https:\/\/www.virklis.cz\/pruvodce-last-minute-all-inclusive-dovolenymi-spontanni-uniky-plne-luxusu-a-pohody\/","author":{"@type":"Person","@id":"https:\/\/www.virklis.cz\/author\/#Person","name":"","url":"https:\/\/www.virklis.cz\/author\/","identifier":1,"image":{"@type":"ImageObject","@id":"https:\/\/secure.gravatar.com\/avatar\/9d25b0af9840660883a67790aa4f595ddc226aa4680c4cf7bc03a25c14fcef85?s=96&d=mm&r=g","url":"https:\/\/secure.gravatar.com\/avatar\/9d25b0af9840660883a67790aa4f595ddc226aa4680c4cf7bc03a25c14fcef85?s=96&d=mm&r=g","height":96,"width":96}},"publisher":{"@type":"Organization","name":"virklis.cz","logo":{"@type":"ImageObject","@id":"\/logo.png","url":"\/logo.png","width":600,"height":60}},"image":{"@type":"ImageObject","@id":"https:\/\/www.virklis.cz\/wp-content\/uploads\/all_inclusive_RK8Drd.jpg","url":"https:\/\/www.virklis.cz\/wp-content\/uploads\/all_inclusive_RK8Drd.jpg","height":0,"width":0},"keywords":null},{"@type":"Article","@id":"https:\/\/www.virklis.cz\/dovolena-v-zahranici\/","headline":"Dovolen\u00e1 v zahrani\u010d\u00ed","url":"https:\/\/www.virklis.cz\/dovolena-v-zahranici\/","datePublished":"2020-10-16","dateModified":"2023-09-01","mainEntityOfPage":"https:\/\/www.virklis.cz\/dovolena-v-zahranici\/","author":{"@type":"Person","@id":"https:\/\/www.virklis.cz\/author\/#Person","name":"","url":"https:\/\/www.virklis.cz\/author\/","identifier":1,"image":{"@type":"ImageObject","@id":"https:\/\/secure.gravatar.com\/avatar\/9d25b0af9840660883a67790aa4f595ddc226aa4680c4cf7bc03a25c14fcef85?s=96&d=mm&r=g","url":"https:\/\/secure.gravatar.com\/avatar\/9d25b0af9840660883a67790aa4f595ddc226aa4680c4cf7bc03a25c14fcef85?s=96&d=mm&r=g","height":96,"width":96}},"publisher":{"@type":"Organization","name":"virklis.cz","logo":{"@type":"ImageObject","@id":"\/logo.png","url":"\/logo.png","width":600,"height":60}},"image":{"@type":"ImageObject","@id":"https:\/\/www.virklis.cz\/wp-content\/uploads\/img_a389090_w2602_t1603436629.jpg","url":"https:\/\/www.virklis.cz\/wp-content\/uploads\/img_a389090_w2602_t1603436629.jpg","height":0,"width":0},"keywords":null}]}