[{"@context":"https:\/\/schema.org\/","@type":"Article","@id":"https:\/\/www.virklis.cz\/co-udelat-pro-dokonale-zuby\/#Article","mainEntityOfPage":"https:\/\/www.virklis.cz\/co-udelat-pro-dokonale-zuby\/","headline":"Co ud\u011blat pro dokonal\u00e9 zuby?","name":"Co ud\u011blat pro dokonal\u00e9 zuby?","description":"Mysl\u00edte si, \u017ee v\u011bt\u0161ina lid\u00ed m\u00e1 zdrav\u00e9 zuby? To se pletete. Podle posledn\u00edch v\u00fdzkum\u016f je to p\u0159esn\u011b naopak. \u010casto se m\u016f\u017eeme v televizn\u00edch novin\u00e1ch setkat s pr\u016fzkumy ve\u0159ejn\u00e9ho m\u00edn\u011bn\u00ed a dokonce i s rozhovory s lidmi, kter\u00fdch se report\u00e9\u0159i ptaj\u00ed na to jak se o svoji zuby staraj\u00ed a jestli maj\u00ed sv\u00e9ho zuba\u0159e. Pravideln\u011b se dozv\u00edd\u00e1me, \u017ee pom\u011brn\u011b velk\u00e1 \u010d\u00e1st populace sv\u00e9ho zuba\u0159e nem\u00e1. Jak je to mo\u017en\u00e9? Mysl\u00edte si \u017ee zdravotn\u00ed p\u00e9\u010de je dostupn\u00e1 v\u0161ude? I kdy\u017e by to tak b\u00fdt m\u011blo, opak je bohu\u017eel pravdou. Na\u0161i zuba\u0159i odch\u00e1z\u00ed do d\u016fchodu, mlad\u0161\u00ed moc nep\u0159ib\u00fdvaj\u00ed a tak jsou m\u011bsta, kter\u00e1  <br \/><br \/><a href=\"https:\/\/www.virklis.cz\/co-udelat-pro-dokonale-zuby\/\" class=\"btn-read\">Continue reading<\/a>","datePublished":"2023-07-15","dateModified":"2023-08-17","author":{"@type":"Person","@id":"https:\/\/www.virklis.cz\/author\/#Person","name":"","url":"https:\/\/www.virklis.cz\/author\/","identifier":1,"image":{"@type":"ImageObject","@id":"https:\/\/secure.gravatar.com\/avatar\/9d25b0af9840660883a67790aa4f595ddc226aa4680c4cf7bc03a25c14fcef85?s=96&d=mm&r=g","url":"https:\/\/secure.gravatar.com\/avatar\/9d25b0af9840660883a67790aa4f595ddc226aa4680c4cf7bc03a25c14fcef85?s=96&d=mm&r=g","height":96,"width":96}},"publisher":{"@type":"Organization","name":"virklis.cz","logo":{"@type":"ImageObject","@id":"\/logo.png","url":"\/logo.png","width":600,"height":60}},"image":{"@type":"ImageObject","@id":"https:\/\/www.virklis.cz\/wp-content\/uploads\/dentist-1639683_640(1)_10_3.jpg","url":"https:\/\/www.virklis.cz\/wp-content\/uploads\/dentist-1639683_640(1)_10_3.jpg","height":0,"width":0},"url":"https:\/\/www.virklis.cz\/co-udelat-pro-dokonale-zuby\/","about":["Www"],"wordCount":410,"articleBody":"      Mysl\u00edte si, \u017ee v\u011bt\u0161ina lid\u00ed m\u00e1 zdrav\u00e9 zuby? To se pletete. Podle posledn\u00edch v\u00fdzkum\u016f je to p\u0159esn\u011b naopak. \u010casto se m\u016f\u017eeme v televizn\u00edch novin\u00e1ch setkat s pr\u016fzkumy ve\u0159ejn\u00e9ho m\u00edn\u011bn\u00ed a dokonce i s rozhovory s lidmi, kter\u00fdch se report\u00e9\u0159i ptaj\u00ed na to jak se o svoji zuby staraj\u00ed a jestli maj\u00ed sv\u00e9ho zuba\u0159e. Pravideln\u011b se dozv\u00edd\u00e1me, \u017ee pom\u011brn\u011b velk\u00e1 \u010d\u00e1st populace sv\u00e9ho zuba\u0159e nem\u00e1. Jak je to mo\u017en\u00e9? Mysl\u00edte si \u017ee zdravotn\u00ed p\u00e9\u010de je dostupn\u00e1 v\u0161ude? I kdy\u017e by to tak b\u00fdt m\u011blo, opak je bohu\u017eel pravdou. Na\u0161i zuba\u0159i odch\u00e1z\u00ed do d\u016fchodu, mlad\u0161\u00ed moc nep\u0159ib\u00fdvaj\u00ed a tak jsou m\u011bsta, kter\u00e1 dokonce nemaj\u00ed \u017e\u00e1dn\u00e9ho zuba\u0159e. Lid\u00e9 tak mus\u00ed jezdit za o\u0161et\u0159en\u00edm i des\u00edtky kilometr\u016f. Tomuto probl\u00e9mu nepom\u00e1h\u00e1 ani fakt, \u017ee spousta lid\u00ed zanedb\u00e1v\u00e1 prevenci, a za p\u00e1r let kdy si zuby po\u0159\u00e1dn\u011b ne\u010dist\u00ed zjist\u00ed, \u017ee maj\u00ed zuby ve velice \u0161patn\u00e9m stavu. Kdy\u017e maj\u00ed \u0161t\u011bst\u00ed a n\u011bjak\u00fd zuba\u0159 je vezme, st\u011b\u017euj\u00ed si na bolest.Lid\u00e9 si toti\u017e neum\u00ed \u010distit zuby a je jedno, jestli pou\u017e\u00edvaj\u00ed elektrick\u00fd nebo manu\u00e1ln\u00ed kart\u00e1\u010dek. Je zvl\u00e1\u0161tn\u00ed \u017ee si mnoho lid\u00ed mysl\u00ed \u017ee sta\u010d\u00ed p\u00e1rkr\u00e1t zuby p\u0159ejet elektrick\u00fdm kart\u00e1\u010dkem, jako by byl sp\u00e1sou pro l\u00e9ta zanedb\u00e1van\u00e9 zuby, kter\u00e9 byly \u010di\u0161t\u011bny stejn\u00fdm zp\u016fsobem, jen manu\u00e1ln\u00edm kart\u00e1\u010dkem. Je zn\u00e1mo \u017ee elektrick\u00fd kart\u00e1\u010dek zuby \u010dist\u00ed l\u00e9pe, ale pokud jej neum\u00edte pou\u017e\u00edvat stejn\u011b jako ten manu\u00e1ln\u00ed, nepom\u016f\u017ee v\u00e1m a va\u0161e zuby budou vypadat stejn\u011b \u0161patn\u011b jako dote\u010f.Nejlep\u0161\u00ed prevenc\u00ed je nejen \u010di\u0161t\u011bn\u00ed zub\u016f, ale tak\u00e9 nav\u0161t\u011bvov\u00e1n\u00ed dent\u00e1ln\u00ed hygieny. Jestli hled\u00e1te zubn\u00ed hygienu v Praze, m\u016f\u017eete nav\u0161t\u00edvit Clinic+. Dent\u00e1ln\u00ed hygiena v Praze &#8211; cena u n\u00e1s se pohybuje okolo 2 000 K\u010d, a prob\u00edh\u00e1 bezbolestn\u011b za pou\u017eit\u00ed modern\u00edch p\u0159\u00edstroj\u016f. Na\u0161e dent\u00e1ln\u00ed hygienistka je velice \u0161ikovn\u00e1 a porad\u00ed si jak se zubn\u00edm plakem, tak s pigmentov\u00fdmi skvrnami. Mnoho lid\u00ed tr\u00e1p\u00ed i zubn\u00ed k\u00e1men, a i s t\u00edm si porad\u00ed. Objednat se k n\u00e1m m\u016f\u017eete p\u0159es n\u00e1\u0161 webov\u00fd formul\u00e1\u0159.                                                                                                                                                                                                                                                                                                                                                                                          4.4\/5 - (7 votes)        "},{"@context":"https:\/\/schema.org\/","@type":"BreadcrumbList","itemListElement":[{"@type":"ListItem","position":1,"name":"Co ud\u011blat pro dokonal\u00e9 zuby?","item":"https:\/\/www.virklis.cz\/co-udelat-pro-dokonale-zuby\/#breadcrumbitem"}]}]