{"@context":"https:\/\/schema.org\/","@type":"CollectionPage","@id":"https:\/\/www.virklis.cz\/dovolena\/#CollectionPage","headline":"Dovolen\u00e1 Category","description":"","url":"https:\/\/www.virklis.cz\/dovolena\/","hasPart":[{"@type":"Article","@id":"https:\/\/www.virklis.cz\/jak-si-naplanovat-dovolenou\/","headline":"Jak si napl\u00e1novat dovolenou","url":"https:\/\/www.virklis.cz\/jak-si-naplanovat-dovolenou\/","datePublished":"2022-07-27","dateModified":"2023-05-03","mainEntityOfPage":"https:\/\/www.virklis.cz\/jak-si-naplanovat-dovolenou\/","author":{"@type":"Person","@id":"https:\/\/www.virklis.cz\/author\/#Person","name":"","url":"https:\/\/www.virklis.cz\/author\/","identifier":1,"image":{"@type":"ImageObject","@id":"https:\/\/secure.gravatar.com\/avatar\/9d25b0af9840660883a67790aa4f595ddc226aa4680c4cf7bc03a25c14fcef85?s=96&d=mm&r=g","url":"https:\/\/secure.gravatar.com\/avatar\/9d25b0af9840660883a67790aa4f595ddc226aa4680c4cf7bc03a25c14fcef85?s=96&d=mm&r=g","height":96,"width":96}},"publisher":{"@type":"Organization","name":"virklis.cz","logo":{"@type":"ImageObject","@id":"\/logo.png","url":"\/logo.png","width":600,"height":60}},"image":{"@type":"ImageObject","@id":"https:\/\/www.virklis.cz\/wp-content\/uploads\/dovolena2_6.jpg","url":"https:\/\/www.virklis.cz\/wp-content\/uploads\/dovolena2_6.jpg","height":0,"width":0},"keywords":null},{"@type":"Article","@id":"https:\/\/www.virklis.cz\/zimni-dovolena\/","headline":"Zimn\u00ed dovolen\u00e1","url":"https:\/\/www.virklis.cz\/zimni-dovolena\/","datePublished":"2022-06-03","dateModified":"2023-05-03","mainEntityOfPage":"https:\/\/www.virklis.cz\/zimni-dovolena\/","author":{"@type":"Person","@id":"https:\/\/www.virklis.cz\/author\/#Person","name":"","url":"https:\/\/www.virklis.cz\/author\/","identifier":1,"image":{"@type":"ImageObject","@id":"https:\/\/secure.gravatar.com\/avatar\/9d25b0af9840660883a67790aa4f595ddc226aa4680c4cf7bc03a25c14fcef85?s=96&d=mm&r=g","url":"https:\/\/secure.gravatar.com\/avatar\/9d25b0af9840660883a67790aa4f595ddc226aa4680c4cf7bc03a25c14fcef85?s=96&d=mm&r=g","height":96,"width":96}},"publisher":{"@type":"Organization","name":"virklis.cz","logo":{"@type":"ImageObject","@id":"\/logo.png","url":"\/logo.png","width":600,"height":60}},"image":{"@type":"ImageObject","@id":"https:\/\/www.virklis.cz\/wp-content\/uploads\/road-5904909_960_720.jpg","url":"https:\/\/www.virklis.cz\/wp-content\/uploads\/road-5904909_960_720.jpg","height":0,"width":0},"keywords":null},{"@type":"Article","@id":"https:\/\/www.virklis.cz\/krizem-krazem-oceanem\/","headline":"K\u0159\u00ed\u017eem kr\u00e1\u017eem oce\u00e1nem","url":"https:\/\/www.virklis.cz\/krizem-krazem-oceanem\/","datePublished":"2018-08-13","dateModified":"2023-05-03","mainEntityOfPage":"https:\/\/www.virklis.cz\/krizem-krazem-oceanem\/","author":{"@type":"Person","@id":"https:\/\/www.virklis.cz\/author\/#Person","name":"","url":"https:\/\/www.virklis.cz\/author\/","identifier":1,"image":{"@type":"ImageObject","@id":"https:\/\/secure.gravatar.com\/avatar\/9d25b0af9840660883a67790aa4f595ddc226aa4680c4cf7bc03a25c14fcef85?s=96&d=mm&r=g","url":"https:\/\/secure.gravatar.com\/avatar\/9d25b0af9840660883a67790aa4f595ddc226aa4680c4cf7bc03a25c14fcef85?s=96&d=mm&r=g","height":96,"width":96}},"publisher":{"@type":"Organization","name":"virklis.cz","logo":{"@type":"ImageObject","@id":"\/logo.png","url":"\/logo.png","width":600,"height":60}},"image":{"@type":"ImageObject","@id":"https:\/\/www.virklis.cz\/wp-content\/uploads\/img_a322307_w2602_t1533884888.jpg","url":"https:\/\/www.virklis.cz\/wp-content\/uploads\/img_a322307_w2602_t1533884888.jpg","height":0,"width":0},"keywords":null}]}