[{"@context":"https:\/\/schema.org\/","@type":"Article","@id":"https:\/\/www.virklis.cz\/my-na-prirodu-myslime\/#Article","mainEntityOfPage":"https:\/\/www.virklis.cz\/my-na-prirodu-myslime\/","headline":"My na p\u0159\u00edrodu mysl\u00edme","name":"My na p\u0159\u00edrodu mysl\u00edme","description":"Spole\u010dnost Schoeller Allibert je sv\u011btov\u011b uzn\u00e1van\u00fd v\u00fdrobce transportn\u00edho a skladovac\u00edho sortimentu. Tr\u017eby dosahovaly v roce 2020 p\u0159es 330 mili\u00f3n\u016f Euro. Po\u010dty na\u0161ich zam\u011bstnanc\u016f se pohybuj\u00ed okolo 1800 lid\u00ed, kte\u0159\u00ed pracuj\u00ed ve dvan\u00e1cti v\u00fdrobn\u00edch z\u00e1vodech a pades\u00e1ti pobo\u010dk\u00e1ch po cel\u00e9m sv\u011bt\u011b. P\u00e9\u010de o zam\u011bstnance pat\u0159\u00ed mezi na\u0161e priority a v\u00edce ne\u017e \u0161edes\u00e1tilet\u00e1 tradice s minim\u00e1ln\u00ed fluktuac\u00ed napov\u00edd\u00e1, \u017ee to d\u011bl\u00e1me dob\u0159e. V\u00fdznamn\u00fdm prvkem na\u0161\u00ed filozofie je p\u0159isp\u00edvat k celosv\u011btov\u00e9 ochran\u011b \u017eivotn\u00edho prost\u0159ed\u00ed, nejen ve v\u00fdrobn\u00edm procesu, ale i v celkov\u00e9 koncepci n\u00e1mi vyr\u00e1b\u011bn\u00fdch produkt\u016f a v mo\u017enostech, nap\u0159\u00edklad pron\u00e1jmu na\u0161ich v\u00fdrobk\u016f, kter\u00e9 nevedou k nutnosti n\u00e1kupu na\u0161ich produkt\u016f, co\u017e sice jde  <br \/><br \/><a href=\"https:\/\/www.virklis.cz\/my-na-prirodu-myslime\/\" class=\"btn-read\">Continue reading<\/a>","datePublished":"2022-04-11","dateModified":"2024-03-28","author":{"@type":"Person","@id":"https:\/\/www.virklis.cz\/author\/#Person","name":"","url":"https:\/\/www.virklis.cz\/author\/","identifier":1,"image":{"@type":"ImageObject","@id":"https:\/\/secure.gravatar.com\/avatar\/9d25b0af9840660883a67790aa4f595ddc226aa4680c4cf7bc03a25c14fcef85?s=96&d=mm&r=g","url":"https:\/\/secure.gravatar.com\/avatar\/9d25b0af9840660883a67790aa4f595ddc226aa4680c4cf7bc03a25c14fcef85?s=96&d=mm&r=g","height":96,"width":96}},"publisher":{"@type":"Organization","name":"virklis.cz","logo":{"@type":"ImageObject","@id":"\/logo.png","url":"\/logo.png","width":600,"height":60}},"image":{"@type":"ImageObject","@id":"https:\/\/www.virklis.cz\/wp-content\/uploads\/euro%20palety_7.jpg","url":"https:\/\/www.virklis.cz\/wp-content\/uploads\/euro%20palety_7.jpg","height":0,"width":0},"url":"https:\/\/www.virklis.cz\/my-na-prirodu-myslime\/","about":["N\u00e1kupy"],"wordCount":464,"articleBody":"   Spole\u010dnost Schoeller Allibert je sv\u011btov\u011b uzn\u00e1van\u00fd v\u00fdrobce transportn\u00edho a skladovac\u00edho sortimentu. Tr\u017eby dosahovaly v roce 2020 p\u0159es 330 mili\u00f3n\u016f Euro. Po\u010dty na\u0161ich zam\u011bstnanc\u016f se pohybuj\u00ed okolo 1800 lid\u00ed, kte\u0159\u00ed pracuj\u00ed ve dvan\u00e1cti v\u00fdrobn\u00edch z\u00e1vodech a pades\u00e1ti pobo\u010dk\u00e1ch po cel\u00e9m sv\u011bt\u011b. P\u00e9\u010de o zam\u011bstnance pat\u0159\u00ed mezi na\u0161e priority a v\u00edce ne\u017e \u0161edes\u00e1tilet\u00e1 tradice s minim\u00e1ln\u00ed fluktuac\u00ed napov\u00edd\u00e1, \u017ee to d\u011bl\u00e1me dob\u0159e. V\u00fdznamn\u00fdm prvkem na\u0161\u00ed filozofie je p\u0159isp\u00edvat k celosv\u011btov\u00e9 ochran\u011b \u017eivotn\u00edho prost\u0159ed\u00ed, nejen ve v\u00fdrobn\u00edm procesu, ale i v celkov\u00e9 koncepci n\u00e1mi vyr\u00e1b\u011bn\u00fdch produkt\u016f a v mo\u017enostech, nap\u0159\u00edklad pron\u00e1jmu na\u0161ich v\u00fdrobk\u016f, kter\u00e9 nevedou k nutnosti n\u00e1kupu na\u0161ich produkt\u016f, co\u017e sice jde proti podstat\u011b na\u0161eho podnik\u00e1n\u00ed, ale jsou hodnoty, kter\u00e9 jsou mimo r\u00e1mce b\u011b\u017en\u00e9ho \u00fa\u010detnictv\u00ed, a my k t\u011bmto hodnot\u00e1m p\u0159ihl\u00ed\u017e\u00edme a jsou skute\u010dnosti, kter\u00e9 jde sice proti na\u0161emu byznys pl\u00e1nu, ale jsou v souladu s na\u0161\u00ed filozofi\u00ed.Pokud se chceme zm\u00ednit o na\u0161ich v\u00fdrobc\u00edch, m\u016f\u017eeme je rozd\u011blit do dvou kategori\u00ed, a to kontejnery a p\u0159epravky.Kontejnery d\u00e1le \u010dlen\u00edme dle zp\u016fsobu v\u00fdroby, nap\u0159\u00edklad rotomoldingov\u00e9, neboli rota\u010dn\u011b tv\u00e1\u0159en\u00e9 plasty, vyr\u00e1b\u00edme i pevn\u00e9 paletov\u00e9 kontejnery, euro palety i v proveden\u00ed EURO, lbc kontejnery pro kapaliny, tyto kontejnery, pro paletizovan\u00e9 zbo\u017e\u00ed nab\u00edz\u00edme i jako skl\u00e1dac\u00ed a k jejich nesporn\u00fdm v\u00fdhod\u00e1m pat\u0159\u00ed nen\u00e1ro\u010dnost na skladov\u00e1n\u00ed v obdob\u00ed, kdy nutnost jejich vyu\u017eit\u00ed nen\u00ed aktu\u00e1ln\u00ed. Samoz\u0159ejmost\u00ed je i v\u00fdroba a n\u00e1sledn\u00e1 nab\u00eddka k prodeji p\u0159\u00edslu\u0161enstv\u00ed k na\u0161im produkt\u016fm.Druhou zmi\u0148ovanou kategori\u00ed jsou p\u0159epravky a pro p\u0159ehlednost je m\u016f\u017eeme je\u0161t\u011b rozd\u011blit na p\u0159epravky stohovateln\u00e9, stohovateln\u00e9 zasouvac\u00ed, kbel\u00edky, nestable, voz\u00edky, skl\u00e1dac\u00ed a n\u00e1pojov\u00e9. Ned\u00edlnou sou\u010d\u00e1st\u00ed na\u0161\u00ed nab\u00eddky je tak\u00e9 mo\u017enost pron\u00e1jmu na\u0161ich produkt\u016f, kter\u00e9 z\u00e1kazn\u00edkovi umo\u017e\u0148uje podstatnou \u00fasporu jeho cash flow, mo\u017enost pru\u017en\u011b reagovat na zm\u011bny pot\u0159eb v sortimentu skladovac\u00edch a transportn\u00edch produkt\u016f. R\u00e1di bychom zd\u016fraznili, \u017ee v\u0161echny na\u0161e v\u00fdrobky jsou pln\u011b recyklovateln\u00e9 a ji\u017e p\u0159i n\u00e1vrz\u00edch nov\u00fdch produkt\u016f, m\u00e1 v\u00fdznamn\u00e9 hledisko v p\u0159\u00edprav\u011b v\u00fdroby ekologie a ohled na dopad pro \u017eivotn\u00ed prost\u0159ed\u00ed. R\u00e1di bychom v\u00e1s pozvali na na\u0161e webov\u00e9 str\u00e1nky, kde naleznete na\u0161i kompletn\u00ed nab\u00eddku a informace.Budeme se t\u011b\u0161it.                                                                                                                                                                                                                                                                                                                                                                                           3.9\/5 - (12 votes)        "},{"@context":"https:\/\/schema.org\/","@type":"BreadcrumbList","itemListElement":[{"@type":"ListItem","position":1,"name":"My na p\u0159\u00edrodu mysl\u00edme","item":"https:\/\/www.virklis.cz\/my-na-prirodu-myslime\/#breadcrumbitem"}]}]