{"@context":"https:\/\/schema.org\/","@type":"CollectionPage","@id":"https:\/\/www.virklis.cz\/zdravi\/#CollectionPage","headline":"Zdrav\u00ed Category","description":"","url":"https:\/\/www.virklis.cz\/zdravi\/","hasPart":[{"@type":"Article","@id":"https:\/\/www.virklis.cz\/hudba-prospiva-zdravi\/","headline":"Hudba prosp\u00edv\u00e1 zdrav\u00ed","url":"https:\/\/www.virklis.cz\/hudba-prospiva-zdravi\/","datePublished":"2025-03-01","dateModified":"2023-05-03","mainEntityOfPage":"https:\/\/www.virklis.cz\/hudba-prospiva-zdravi\/","author":{"@type":"Person","@id":"https:\/\/www.virklis.cz\/author\/#Person","name":"","url":"https:\/\/www.virklis.cz\/author\/","identifier":1,"image":{"@type":"ImageObject","@id":"https:\/\/secure.gravatar.com\/avatar\/9d25b0af9840660883a67790aa4f595ddc226aa4680c4cf7bc03a25c14fcef85?s=96&d=mm&r=g","url":"https:\/\/secure.gravatar.com\/avatar\/9d25b0af9840660883a67790aa4f595ddc226aa4680c4cf7bc03a25c14fcef85?s=96&d=mm&r=g","height":96,"width":96}},"publisher":{"@type":"Organization","name":"virklis.cz","logo":{"@type":"ImageObject","@id":"\/logo.png","url":"\/logo.png","width":600,"height":60}},"image":{"@type":"ImageObject","@id":"https:\/\/www.virklis.cz\/wp-content\/uploads\/img_a327253_w2602_t1539517168.jpg","url":"https:\/\/www.virklis.cz\/wp-content\/uploads\/img_a327253_w2602_t1539517168.jpg","height":0,"width":0},"keywords":null},{"@type":"Article","@id":"https:\/\/www.virklis.cz\/drobne-zmeny-ve-vasem-jidelnicku-ktere-udelaji-velikou-praci\/","headline":"Drobn\u00e9 zm\u011bny ve va\u0161em j\u00eddeln\u00ed\u010dku, kter\u00e9 ud\u011blaj\u00ed velikou pr\u00e1ci","url":"https:\/\/www.virklis.cz\/drobne-zmeny-ve-vasem-jidelnicku-ktere-udelaji-velikou-praci\/","datePublished":"2025-02-24","dateModified":"2023-05-03","mainEntityOfPage":"https:\/\/www.virklis.cz\/drobne-zmeny-ve-vasem-jidelnicku-ktere-udelaji-velikou-praci\/","author":{"@type":"Person","@id":"https:\/\/www.virklis.cz\/author\/#Person","name":"","url":"https:\/\/www.virklis.cz\/author\/","identifier":1,"image":{"@type":"ImageObject","@id":"https:\/\/secure.gravatar.com\/avatar\/9d25b0af9840660883a67790aa4f595ddc226aa4680c4cf7bc03a25c14fcef85?s=96&d=mm&r=g","url":"https:\/\/secure.gravatar.com\/avatar\/9d25b0af9840660883a67790aa4f595ddc226aa4680c4cf7bc03a25c14fcef85?s=96&d=mm&r=g","height":96,"width":96}},"publisher":{"@type":"Organization","name":"virklis.cz","logo":{"@type":"ImageObject","@id":"\/logo.png","url":"\/logo.png","width":600,"height":60}},"image":{"@type":"ImageObject","@id":"https:\/\/www.virklis.cz\/wp-content\/uploads\/img_a338008_w2602_t1550835075.jpg","url":"https:\/\/www.virklis.cz\/wp-content\/uploads\/img_a338008_w2602_t1550835075.jpg","height":0,"width":0},"keywords":null},{"@type":"Article","@id":"https:\/\/www.virklis.cz\/je-pro-vas-humanisticka-terapie-vhodna\/","headline":"Je pro v\u00e1s humanistick\u00e1 terapie vhodn\u00e1?","url":"https:\/\/www.virklis.cz\/je-pro-vas-humanisticka-terapie-vhodna\/","datePublished":"2022-02-18","dateModified":"2023-05-03","mainEntityOfPage":"https:\/\/www.virklis.cz\/je-pro-vas-humanisticka-terapie-vhodna\/","author":{"@type":"Person","@id":"https:\/\/www.virklis.cz\/author\/#Person","name":"","url":"https:\/\/www.virklis.cz\/author\/","identifier":1,"image":{"@type":"ImageObject","@id":"https:\/\/secure.gravatar.com\/avatar\/9d25b0af9840660883a67790aa4f595ddc226aa4680c4cf7bc03a25c14fcef85?s=96&d=mm&r=g","url":"https:\/\/secure.gravatar.com\/avatar\/9d25b0af9840660883a67790aa4f595ddc226aa4680c4cf7bc03a25c14fcef85?s=96&d=mm&r=g","height":96,"width":96}},"publisher":{"@type":"Organization","name":"virklis.cz","logo":{"@type":"ImageObject","@id":"\/logo.png","url":"\/logo.png","width":600,"height":60}},"image":{"@type":"ImageObject","@id":"https:\/\/www.virklis.cz\/wp-content\/uploads\/jak_si_najit_humanistickeho_a_rogerianskeho_psychoterapeuta_lSwGbB.jpg","url":"https:\/\/www.virklis.cz\/wp-content\/uploads\/jak_si_najit_humanistickeho_a_rogerianskeho_psychoterapeuta_lSwGbB.jpg","height":0,"width":0},"keywords":null},{"@type":"Article","@id":"https:\/\/www.virklis.cz\/cim-sladit-a-neohrozit-svoje-zdravi\/","headline":"\u010c\u00edm sladit a neohrozit svoje zdrav\u00ed?","url":"https:\/\/www.virklis.cz\/cim-sladit-a-neohrozit-svoje-zdravi\/","datePublished":"2019-10-06","dateModified":"2023-05-03","mainEntityOfPage":"https:\/\/www.virklis.cz\/cim-sladit-a-neohrozit-svoje-zdravi\/","author":{"@type":"Person","@id":"https:\/\/www.virklis.cz\/author\/#Person","name":"","url":"https:\/\/www.virklis.cz\/author\/","identifier":1,"image":{"@type":"ImageObject","@id":"https:\/\/secure.gravatar.com\/avatar\/9d25b0af9840660883a67790aa4f595ddc226aa4680c4cf7bc03a25c14fcef85?s=96&d=mm&r=g","url":"https:\/\/secure.gravatar.com\/avatar\/9d25b0af9840660883a67790aa4f595ddc226aa4680c4cf7bc03a25c14fcef85?s=96&d=mm&r=g","height":96,"width":96}},"publisher":{"@type":"Organization","name":"virklis.cz","logo":{"@type":"ImageObject","@id":"\/logo.png","url":"\/logo.png","width":600,"height":60}},"image":{"@type":"ImageObject","@id":"https:\/\/www.virklis.cz\/wp-content\/uploads\/img_a373358_w2602_t1584706271.jpg","url":"https:\/\/www.virklis.cz\/wp-content\/uploads\/img_a373358_w2602_t1584706271.jpg","height":0,"width":0},"keywords":null}]}